{"id":535,"date":"2022-11-16T11:33:24","date_gmt":"2022-11-16T10:33:24","guid":{"rendered":"https:\/\/ccfs2023.ch\/2022\/11\/16\/eroeffnung-der-anmeldung-fuer-freiwillige\/"},"modified":"2023-01-14T23:45:16","modified_gmt":"2023-01-14T22:45:16","slug":"eroeffnung-der-anmeldung-fuer-freiwillige","status":"publish","type":"post","link":"https:\/\/ccfs2023.lburgy.ch\/de\/2022\/11\/16\/eroeffnung-der-anmeldung-fuer-freiwillige\/","title":{"rendered":"Er\u00f6ffnung der Anmeldung f\u00fcr Freiwillige"},"content":{"rendered":"<p>Los geht&#8217;s! Wir k\u00fcndigen den Start der Freiwilligenanmeldung an!<br \/>\nZ\u00f6gern Sie nicht, sich dort anzumelden, um mit uns Teil dieses Abenteuers zu werden und zum Gelingen dieses Festes beizutragen!<\/p>\n<p>Ein grosses Dankesch\u00f6n im Voraus!<\/p>\n<p>Weitere Informationen finden Sie auf der Seite <a href=\"https:\/\/ccfs2023.lburgy.ch\/de\/freiwillige\/\">Freiwillige<\/a>.<\/p>\n","protected":false},"excerpt":{"rendered":"<p>Los geht&#8217;s! Wir k\u00fcndigen den Start der Freiwilligenanmeldung an! Z\u00f6gern Sie nicht, sich dort anzumelden, um mit uns Teil dieses [&hellip;]<\/p>\n","protected":false},"author":1,"featured_media":0,"comment_status":"closed","ping_status":"open","sticky":false,"template":"","format":"standard","meta":{"footnotes":""},"categories":[15,27],"tags":[],"class_list":["post-535","post","type-post","status-publish","format-standard","hentry","category-informationen-de","category-personal-de"],"yoast_head":"<!-- This site is optimized with the Yoast SEO plugin v19.14 - https:\/\/yoast.com\/wordpress\/plugins\/seo\/ -->\n<title>Er\u00f6ffnung der Anmeldung f\u00fcr Freiwillige - Kantonaler Freiburger Solistenwettbewerb 2023<\/title>\n<meta name=\"robots\" content=\"noindex, follow, max-snippet:-1, max-image-preview:large, max-video-preview:-1\" \/>\n<meta property=\"og:locale\" content=\"de_DE\" \/>\n<meta property=\"og:type\" content=\"article\" \/>\n<meta property=\"og:title\" content=\"Er\u00f6ffnung der Anmeldung f\u00fcr Freiwillige - Kantonaler Freiburger Solistenwettbewerb 2023\" \/>\n<meta property=\"og:description\" content=\"Los geht&#8217;s! Wir k\u00fcndigen den Start der Freiwilligenanmeldung an! Z\u00f6gern Sie nicht, sich dort anzumelden, um mit uns Teil dieses [&hellip;]\" \/>\n<meta property=\"og:url\" content=\"https:\/\/ccfs2023.lburgy.ch\/de\/2022\/11\/16\/eroeffnung-der-anmeldung-fuer-freiwillige\/\" \/>\n<meta property=\"og:site_name\" content=\"Kantonaler Freiburger Solistenwettbewerb 2023\" \/>\n<meta property=\"article:publisher\" content=\"https:\/\/www.facebook.com\/Concours-Cantonal-Fribourgeois-de-Solistes-2023-CCFS-2023-104446075781695\" \/>\n<meta property=\"article:published_time\" content=\"2022-11-16T10:33:24+00:00\" \/>\n<meta property=\"article:modified_time\" content=\"2023-01-14T22:45:16+00:00\" \/>\n<meta name=\"author\" content=\"lburgy\" \/>\n<meta name=\"twitter:card\" content=\"summary_large_image\" \/>\n<meta name=\"twitter:label1\" content=\"Verfasst von\" \/>\n\t<meta name=\"twitter:data1\" content=\"lburgy\" \/>\n<script type=\"application\/ld+json\" class=\"yoast-schema-graph\">{\"@context\":\"https:\/\/schema.org\",\"@graph\":[{\"@type\":\"Article\",\"@id\":\"https:\/\/ccfs2023.lburgy.ch\/de\/2022\/11\/16\/eroeffnung-der-anmeldung-fuer-freiwillige\/#article\",\"isPartOf\":{\"@id\":\"https:\/\/ccfs2023.lburgy.ch\/de\/2022\/11\/16\/eroeffnung-der-anmeldung-fuer-freiwillige\/\"},\"author\":{\"name\":\"lburgy\",\"@id\":\"https:\/\/ccfs2023.lburgy.ch\/de\/#\/schema\/person\/9dfd82d44e3eb500a3787967342da19e\"},\"headline\":\"Er\u00f6ffnung der Anmeldung f\u00fcr Freiwillige\",\"datePublished\":\"2022-11-16T10:33:24+00:00\",\"dateModified\":\"2023-01-14T22:45:16+00:00\",\"mainEntityOfPage\":{\"@id\":\"https:\/\/ccfs2023.lburgy.ch\/de\/2022\/11\/16\/eroeffnung-der-anmeldung-fuer-freiwillige\/\"},\"wordCount\":52,\"publisher\":{\"@id\":\"https:\/\/ccfs2023.lburgy.ch\/de\/#organization\"},\"articleSection\":[\"Informationen\",\"Personal\"],\"inLanguage\":\"de\"},{\"@type\":\"WebPage\",\"@id\":\"https:\/\/ccfs2023.lburgy.ch\/de\/2022\/11\/16\/eroeffnung-der-anmeldung-fuer-freiwillige\/\",\"url\":\"https:\/\/ccfs2023.lburgy.ch\/de\/2022\/11\/16\/eroeffnung-der-anmeldung-fuer-freiwillige\/\",\"name\":\"Er\u00f6ffnung der Anmeldung f\u00fcr Freiwillige - Kantonaler Freiburger Solistenwettbewerb 2023\",\"isPartOf\":{\"@id\":\"https:\/\/ccfs2023.lburgy.ch\/de\/#website\"},\"datePublished\":\"2022-11-16T10:33:24+00:00\",\"dateModified\":\"2023-01-14T22:45:16+00:00\",\"breadcrumb\":{\"@id\":\"https:\/\/ccfs2023.lburgy.ch\/de\/2022\/11\/16\/eroeffnung-der-anmeldung-fuer-freiwillige\/#breadcrumb\"},\"inLanguage\":\"de\",\"potentialAction\":[{\"@type\":\"ReadAction\",\"target\":[\"https:\/\/ccfs2023.lburgy.ch\/de\/2022\/11\/16\/eroeffnung-der-anmeldung-fuer-freiwillige\/\"]}]},{\"@type\":\"BreadcrumbList\",\"@id\":\"https:\/\/ccfs2023.lburgy.ch\/de\/2022\/11\/16\/eroeffnung-der-anmeldung-fuer-freiwillige\/#breadcrumb\",\"itemListElement\":[{\"@type\":\"ListItem\",\"position\":1,\"name\":\"Home\",\"item\":\"https:\/\/ccfs2023.lburgy.ch\/de\/home-2\/\"},{\"@type\":\"ListItem\",\"position\":2,\"name\":\"Er\u00f6ffnung der Anmeldung f\u00fcr Freiwillige\"}]},{\"@type\":\"WebSite\",\"@id\":\"https:\/\/ccfs2023.lburgy.ch\/de\/#website\",\"url\":\"https:\/\/ccfs2023.lburgy.ch\/de\/\",\"name\":\"Kantonaler Freiburger Solistenwettbewerb 2023\",\"description\":\"\",\"publisher\":{\"@id\":\"https:\/\/ccfs2023.lburgy.ch\/de\/#organization\"},\"potentialAction\":[{\"@type\":\"SearchAction\",\"target\":{\"@type\":\"EntryPoint\",\"urlTemplate\":\"https:\/\/ccfs2023.lburgy.ch\/de\/?s={search_term_string}\"},\"query-input\":\"required name=search_term_string\"}],\"inLanguage\":\"de\"},{\"@type\":\"Organization\",\"@id\":\"https:\/\/ccfs2023.lburgy.ch\/de\/#organization\",\"name\":\"Kantonaler Freiburger Solistenwettbewerb 2023\",\"url\":\"https:\/\/ccfs2023.lburgy.ch\/de\/\",\"logo\":{\"@type\":\"ImageObject\",\"inLanguage\":\"de\",\"@id\":\"https:\/\/ccfs2023.lburgy.ch\/de\/#\/schema\/logo\/image\/\",\"url\":\"https:\/\/ccfs2023.lburgy.ch\/wp-content\/uploads\/2022\/03\/Logo_CCFS-couleur-high_res.png\",\"contentUrl\":\"https:\/\/ccfs2023.lburgy.ch\/wp-content\/uploads\/2022\/03\/Logo_CCFS-couleur-high_res.png\",\"width\":3300,\"height\":1798,\"caption\":\"Kantonaler Freiburger Solistenwettbewerb 2023\"},\"image\":{\"@id\":\"https:\/\/ccfs2023.lburgy.ch\/de\/#\/schema\/logo\/image\/\"},\"sameAs\":[\"https:\/\/www.facebook.com\/Concours-Cantonal-Fribourgeois-de-Solistes-2023-CCFS-2023-104446075781695\"]},{\"@type\":\"Person\",\"@id\":\"https:\/\/ccfs2023.lburgy.ch\/de\/#\/schema\/person\/9dfd82d44e3eb500a3787967342da19e\",\"name\":\"lburgy\",\"image\":{\"@type\":\"ImageObject\",\"inLanguage\":\"de\",\"@id\":\"https:\/\/ccfs2023.lburgy.ch\/de\/#\/schema\/person\/image\/\",\"url\":\"https:\/\/secure.gravatar.com\/avatar\/370889df87a174466e459db70bad497d197c61f4eead2ddb2c18f140c8730f8b?s=96&d=mm&r=g\",\"contentUrl\":\"https:\/\/secure.gravatar.com\/avatar\/370889df87a174466e459db70bad497d197c61f4eead2ddb2c18f140c8730f8b?s=96&d=mm&r=g\",\"caption\":\"lburgy\"},\"sameAs\":[\"https:\/\/ccfs2023.lburgy.ch\"],\"url\":\"https:\/\/ccfs2023.lburgy.ch\/de\/author\/lburgy\/\"}]}<\/script>\n<!-- \/ Yoast SEO plugin. -->","yoast_head_json":{"title":"Er\u00f6ffnung der Anmeldung f\u00fcr Freiwillige - Kantonaler Freiburger Solistenwettbewerb 2023","robots":{"index":"noindex","follow":"follow","max-snippet":"max-snippet:-1","max-image-preview":"max-image-preview:large","max-video-preview":"max-video-preview:-1"},"og_locale":"de_DE","og_type":"article","og_title":"Er\u00f6ffnung der Anmeldung f\u00fcr Freiwillige - Kantonaler Freiburger Solistenwettbewerb 2023","og_description":"Los geht&#8217;s! Wir k\u00fcndigen den Start der Freiwilligenanmeldung an! Z\u00f6gern Sie nicht, sich dort anzumelden, um mit uns Teil dieses [&hellip;]","og_url":"https:\/\/ccfs2023.lburgy.ch\/de\/2022\/11\/16\/eroeffnung-der-anmeldung-fuer-freiwillige\/","og_site_name":"Kantonaler Freiburger Solistenwettbewerb 2023","article_publisher":"https:\/\/www.facebook.com\/Concours-Cantonal-Fribourgeois-de-Solistes-2023-CCFS-2023-104446075781695","article_published_time":"2022-11-16T10:33:24+00:00","article_modified_time":"2023-01-14T22:45:16+00:00","author":"lburgy","twitter_card":"summary_large_image","twitter_misc":{"Verfasst von":"lburgy"},"schema":{"@context":"https:\/\/schema.org","@graph":[{"@type":"Article","@id":"https:\/\/ccfs2023.lburgy.ch\/de\/2022\/11\/16\/eroeffnung-der-anmeldung-fuer-freiwillige\/#article","isPartOf":{"@id":"https:\/\/ccfs2023.lburgy.ch\/de\/2022\/11\/16\/eroeffnung-der-anmeldung-fuer-freiwillige\/"},"author":{"name":"lburgy","@id":"https:\/\/ccfs2023.lburgy.ch\/de\/#\/schema\/person\/9dfd82d44e3eb500a3787967342da19e"},"headline":"Er\u00f6ffnung der Anmeldung f\u00fcr Freiwillige","datePublished":"2022-11-16T10:33:24+00:00","dateModified":"2023-01-14T22:45:16+00:00","mainEntityOfPage":{"@id":"https:\/\/ccfs2023.lburgy.ch\/de\/2022\/11\/16\/eroeffnung-der-anmeldung-fuer-freiwillige\/"},"wordCount":52,"publisher":{"@id":"https:\/\/ccfs2023.lburgy.ch\/de\/#organization"},"articleSection":["Informationen","Personal"],"inLanguage":"de"},{"@type":"WebPage","@id":"https:\/\/ccfs2023.lburgy.ch\/de\/2022\/11\/16\/eroeffnung-der-anmeldung-fuer-freiwillige\/","url":"https:\/\/ccfs2023.lburgy.ch\/de\/2022\/11\/16\/eroeffnung-der-anmeldung-fuer-freiwillige\/","name":"Er\u00f6ffnung der Anmeldung f\u00fcr Freiwillige - Kantonaler Freiburger Solistenwettbewerb 2023","isPartOf":{"@id":"https:\/\/ccfs2023.lburgy.ch\/de\/#website"},"datePublished":"2022-11-16T10:33:24+00:00","dateModified":"2023-01-14T22:45:16+00:00","breadcrumb":{"@id":"https:\/\/ccfs2023.lburgy.ch\/de\/2022\/11\/16\/eroeffnung-der-anmeldung-fuer-freiwillige\/#breadcrumb"},"inLanguage":"de","potentialAction":[{"@type":"ReadAction","target":["https:\/\/ccfs2023.lburgy.ch\/de\/2022\/11\/16\/eroeffnung-der-anmeldung-fuer-freiwillige\/"]}]},{"@type":"BreadcrumbList","@id":"https:\/\/ccfs2023.lburgy.ch\/de\/2022\/11\/16\/eroeffnung-der-anmeldung-fuer-freiwillige\/#breadcrumb","itemListElement":[{"@type":"ListItem","position":1,"name":"Home","item":"https:\/\/ccfs2023.lburgy.ch\/de\/home-2\/"},{"@type":"ListItem","position":2,"name":"Er\u00f6ffnung der Anmeldung f\u00fcr Freiwillige"}]},{"@type":"WebSite","@id":"https:\/\/ccfs2023.lburgy.ch\/de\/#website","url":"https:\/\/ccfs2023.lburgy.ch\/de\/","name":"Kantonaler Freiburger Solistenwettbewerb 2023","description":"","publisher":{"@id":"https:\/\/ccfs2023.lburgy.ch\/de\/#organization"},"potentialAction":[{"@type":"SearchAction","target":{"@type":"EntryPoint","urlTemplate":"https:\/\/ccfs2023.lburgy.ch\/de\/?s={search_term_string}"},"query-input":"required name=search_term_string"}],"inLanguage":"de"},{"@type":"Organization","@id":"https:\/\/ccfs2023.lburgy.ch\/de\/#organization","name":"Kantonaler Freiburger Solistenwettbewerb 2023","url":"https:\/\/ccfs2023.lburgy.ch\/de\/","logo":{"@type":"ImageObject","inLanguage":"de","@id":"https:\/\/ccfs2023.lburgy.ch\/de\/#\/schema\/logo\/image\/","url":"https:\/\/ccfs2023.lburgy.ch\/wp-content\/uploads\/2022\/03\/Logo_CCFS-couleur-high_res.png","contentUrl":"https:\/\/ccfs2023.lburgy.ch\/wp-content\/uploads\/2022\/03\/Logo_CCFS-couleur-high_res.png","width":3300,"height":1798,"caption":"Kantonaler Freiburger Solistenwettbewerb 2023"},"image":{"@id":"https:\/\/ccfs2023.lburgy.ch\/de\/#\/schema\/logo\/image\/"},"sameAs":["https:\/\/www.facebook.com\/Concours-Cantonal-Fribourgeois-de-Solistes-2023-CCFS-2023-104446075781695"]},{"@type":"Person","@id":"https:\/\/ccfs2023.lburgy.ch\/de\/#\/schema\/person\/9dfd82d44e3eb500a3787967342da19e","name":"lburgy","image":{"@type":"ImageObject","inLanguage":"de","@id":"https:\/\/ccfs2023.lburgy.ch\/de\/#\/schema\/person\/image\/","url":"https:\/\/secure.gravatar.com\/avatar\/370889df87a174466e459db70bad497d197c61f4eead2ddb2c18f140c8730f8b?s=96&d=mm&r=g","contentUrl":"https:\/\/secure.gravatar.com\/avatar\/370889df87a174466e459db70bad497d197c61f4eead2ddb2c18f140c8730f8b?s=96&d=mm&r=g","caption":"lburgy"},"sameAs":["https:\/\/ccfs2023.lburgy.ch"],"url":"https:\/\/ccfs2023.lburgy.ch\/de\/author\/lburgy\/"}]}},"_links":{"self":[{"href":"https:\/\/ccfs2023.lburgy.ch\/de\/wp-json\/wp\/v2\/posts\/535","targetHints":{"allow":["GET"]}}],"collection":[{"href":"https:\/\/ccfs2023.lburgy.ch\/de\/wp-json\/wp\/v2\/posts"}],"about":[{"href":"https:\/\/ccfs2023.lburgy.ch\/de\/wp-json\/wp\/v2\/types\/post"}],"author":[{"embeddable":true,"href":"https:\/\/ccfs2023.lburgy.ch\/de\/wp-json\/wp\/v2\/users\/1"}],"replies":[{"embeddable":true,"href":"https:\/\/ccfs2023.lburgy.ch\/de\/wp-json\/wp\/v2\/comments?post=535"}],"version-history":[{"count":1,"href":"https:\/\/ccfs2023.lburgy.ch\/de\/wp-json\/wp\/v2\/posts\/535\/revisions"}],"predecessor-version":[{"id":857,"href":"https:\/\/ccfs2023.lburgy.ch\/de\/wp-json\/wp\/v2\/posts\/535\/revisions\/857"}],"wp:attachment":[{"href":"https:\/\/ccfs2023.lburgy.ch\/de\/wp-json\/wp\/v2\/media?parent=535"}],"wp:term":[{"taxonomy":"category","embeddable":true,"href":"https:\/\/ccfs2023.lburgy.ch\/de\/wp-json\/wp\/v2\/categories?post=535"},{"taxonomy":"post_tag","embeddable":true,"href":"https:\/\/ccfs2023.lburgy.ch\/de\/wp-json\/wp\/v2\/tags?post=535"}],"curies":[{"name":"wp","href":"https:\/\/api.w.org\/{rel}","templated":true}]}}