{"id":325,"date":"2022-09-30T09:23:23","date_gmt":"2022-09-30T08:23:23","guid":{"rendered":"https:\/\/development.ccfs2023.ch\/2022\/09\/30\/mot-de-bienvenue-du-president-2\/"},"modified":"2023-01-09T10:52:19","modified_gmt":"2023-01-09T09:52:19","slug":"wilkommenswort-des-prasidenten","status":"publish","type":"post","link":"https:\/\/ccfs2023.lburgy.ch\/de\/2022\/09\/30\/wilkommenswort-des-prasidenten\/","title":{"rendered":"Wilkommenswort des Pr\u00e4sidenten"},"content":{"rendered":"<p>Liebe Musiker\u00b7innen,<br \/>\nLiebe Musikliebhaber\u00b7innen,<\/p>\n<p>Die Fanfare Paroissiale l&#8217;Union de Cugy-Vesin freut sich, den n\u00e4chsten Freiburger Kantonalen Solistenwettbewerb vom 27. bis 29. Januar 2023 zu auszurichten.<\/p>\n<p>Das Musikfest der Broye, das 2017 in Cugy organisiert wurde, war ein Erfolg. Wir hoffen, dass dies auch beim 29. Kantonalen Musikwettbewerb der Fall sein wird.<\/p>\n<p>Ich danke schon jetzt den vielen freiwilligen Helfer\u00b7innen sowie meinen Kollegin\u00b7nen im Organisationskomitee, ohne die ein solcher Wettbewerb nicht durchgef\u00fchrt werden kann.<\/p>\n<p>Im Namen des OK freuen wir uns auf die Musiker\u00b7innen des Kantons, die w\u00e4hrend drei Tagen ihr Bestes geben werden, um der Jury und dem Publikum grossartige Leistungen zu pr\u00e4sentieren. Der H\u00f6hepunkt dieses Wochenendes wird zweifellos in den Finalspielen am Sonntagnachmittag erreicht.<\/p>\n<p>Wir heissen Sie herzlich in Cugy willkommen und danken Ihnen f\u00fcr Ihr Kommen und Ihre Unterst\u00fctzung. Wir hoffen, dass Sie unvergessliche Momente mit uns teilen werden.<\/p>\n<p>Genie\u00dfen Sie diese Augenblicke und bis bald.<\/p>\n<p>G\u00e9rald B\u00fcrgy<br \/>\nOK-Pr\u00e4sident des SKF 2023<\/p>\n","protected":false},"excerpt":{"rendered":"<p>Liebe Musiker\u00b7innen, Liebe Musikliebhaber\u00b7innen, Die Fanfare Paroissiale l&#8217;Union de Cugy-Vesin freut sich, den n\u00e4chsten Freiburger Kantonalen Solistenwettbewerb vom 27. bis [&hellip;]<\/p>\n","protected":false},"author":1,"featured_media":162,"comment_status":"closed","ping_status":"open","sticky":false,"template":"","format":"standard","meta":{"footnotes":""},"categories":[21],"tags":[],"class_list":["post-325","post","type-post","status-publish","format-standard","has-post-thumbnail","hentry","category-nachricht-de"],"yoast_head":"<!-- This site is optimized with the Yoast SEO plugin v19.14 - https:\/\/yoast.com\/wordpress\/plugins\/seo\/ -->\n<title>Wilkommenswort des Pr\u00e4sidenten - Kantonaler Freiburger Solistenwettbewerb 2023<\/title>\n<meta name=\"robots\" content=\"noindex, follow, max-snippet:-1, max-image-preview:large, max-video-preview:-1\" \/>\n<meta property=\"og:locale\" content=\"de_DE\" \/>\n<meta property=\"og:type\" content=\"article\" \/>\n<meta property=\"og:title\" content=\"Wilkommenswort des Pr\u00e4sidenten - Kantonaler Freiburger Solistenwettbewerb 2023\" \/>\n<meta property=\"og:description\" content=\"Liebe Musiker\u00b7innen, Liebe Musikliebhaber\u00b7innen, Die Fanfare Paroissiale l&#8217;Union de Cugy-Vesin freut sich, den n\u00e4chsten Freiburger Kantonalen Solistenwettbewerb vom 27. bis [&hellip;]\" \/>\n<meta property=\"og:url\" content=\"https:\/\/ccfs2023.lburgy.ch\/de\/2022\/09\/30\/wilkommenswort-des-prasidenten\/\" \/>\n<meta property=\"og:site_name\" content=\"Kantonaler Freiburger Solistenwettbewerb 2023\" \/>\n<meta property=\"article:publisher\" content=\"https:\/\/www.facebook.com\/Concours-Cantonal-Fribourgeois-de-Solistes-2023-CCFS-2023-104446075781695\" \/>\n<meta property=\"article:published_time\" content=\"2022-09-30T08:23:23+00:00\" \/>\n<meta property=\"article:modified_time\" content=\"2023-01-09T09:52:19+00:00\" \/>\n<meta property=\"og:image\" content=\"https:\/\/ccfs2023.lburgy.ch\/wp-content\/uploads\/2022\/03\/Logo_CCFS-couleur-cropped.png\" \/>\n\t<meta property=\"og:image:width\" content=\"1551\" \/>\n\t<meta property=\"og:image:height\" content=\"799\" \/>\n\t<meta property=\"og:image:type\" content=\"image\/png\" \/>\n<meta name=\"author\" content=\"lburgy\" \/>\n<meta name=\"twitter:card\" content=\"summary_large_image\" \/>\n<meta name=\"twitter:label1\" content=\"Verfasst von\" \/>\n\t<meta name=\"twitter:data1\" content=\"lburgy\" \/>\n\t<meta name=\"twitter:label2\" content=\"Gesch\u00e4tzte Lesezeit\" \/>\n\t<meta name=\"twitter:data2\" content=\"1\u00a0Minute\" \/>\n<script type=\"application\/ld+json\" class=\"yoast-schema-graph\">{\"@context\":\"https:\/\/schema.org\",\"@graph\":[{\"@type\":\"Article\",\"@id\":\"https:\/\/ccfs2023.lburgy.ch\/de\/2022\/09\/30\/wilkommenswort-des-prasidenten\/#article\",\"isPartOf\":{\"@id\":\"https:\/\/ccfs2023.lburgy.ch\/de\/2022\/09\/30\/wilkommenswort-des-prasidenten\/\"},\"author\":{\"name\":\"lburgy\",\"@id\":\"https:\/\/ccfs2023.lburgy.ch\/de\/#\/schema\/person\/9dfd82d44e3eb500a3787967342da19e\"},\"headline\":\"Wilkommenswort des Pr\u00e4sidenten\",\"datePublished\":\"2022-09-30T08:23:23+00:00\",\"dateModified\":\"2023-01-09T09:52:19+00:00\",\"mainEntityOfPage\":{\"@id\":\"https:\/\/ccfs2023.lburgy.ch\/de\/2022\/09\/30\/wilkommenswort-des-prasidenten\/\"},\"wordCount\":168,\"publisher\":{\"@id\":\"https:\/\/ccfs2023.lburgy.ch\/de\/#organization\"},\"articleSection\":[\"Nachricht\"],\"inLanguage\":\"de\"},{\"@type\":\"WebPage\",\"@id\":\"https:\/\/ccfs2023.lburgy.ch\/de\/2022\/09\/30\/wilkommenswort-des-prasidenten\/\",\"url\":\"https:\/\/ccfs2023.lburgy.ch\/de\/2022\/09\/30\/wilkommenswort-des-prasidenten\/\",\"name\":\"Wilkommenswort des Pr\u00e4sidenten - Kantonaler Freiburger Solistenwettbewerb 2023\",\"isPartOf\":{\"@id\":\"https:\/\/ccfs2023.lburgy.ch\/de\/#website\"},\"datePublished\":\"2022-09-30T08:23:23+00:00\",\"dateModified\":\"2023-01-09T09:52:19+00:00\",\"breadcrumb\":{\"@id\":\"https:\/\/ccfs2023.lburgy.ch\/de\/2022\/09\/30\/wilkommenswort-des-prasidenten\/#breadcrumb\"},\"inLanguage\":\"de\",\"potentialAction\":[{\"@type\":\"ReadAction\",\"target\":[\"https:\/\/ccfs2023.lburgy.ch\/de\/2022\/09\/30\/wilkommenswort-des-prasidenten\/\"]}]},{\"@type\":\"BreadcrumbList\",\"@id\":\"https:\/\/ccfs2023.lburgy.ch\/de\/2022\/09\/30\/wilkommenswort-des-prasidenten\/#breadcrumb\",\"itemListElement\":[{\"@type\":\"ListItem\",\"position\":1,\"name\":\"Home\",\"item\":\"https:\/\/ccfs2023.lburgy.ch\/de\/home-2\/\"},{\"@type\":\"ListItem\",\"position\":2,\"name\":\"Wilkommenswort des Pr\u00e4sidenten\"}]},{\"@type\":\"WebSite\",\"@id\":\"https:\/\/ccfs2023.lburgy.ch\/de\/#website\",\"url\":\"https:\/\/ccfs2023.lburgy.ch\/de\/\",\"name\":\"Kantonaler Freiburger Solistenwettbewerb 2023\",\"description\":\"\",\"publisher\":{\"@id\":\"https:\/\/ccfs2023.lburgy.ch\/de\/#organization\"},\"potentialAction\":[{\"@type\":\"SearchAction\",\"target\":{\"@type\":\"EntryPoint\",\"urlTemplate\":\"https:\/\/ccfs2023.lburgy.ch\/de\/?s={search_term_string}\"},\"query-input\":\"required name=search_term_string\"}],\"inLanguage\":\"de\"},{\"@type\":\"Organization\",\"@id\":\"https:\/\/ccfs2023.lburgy.ch\/de\/#organization\",\"name\":\"Kantonaler Freiburger Solistenwettbewerb 2023\",\"url\":\"https:\/\/ccfs2023.lburgy.ch\/de\/\",\"logo\":{\"@type\":\"ImageObject\",\"inLanguage\":\"de\",\"@id\":\"https:\/\/ccfs2023.lburgy.ch\/de\/#\/schema\/logo\/image\/\",\"url\":\"https:\/\/ccfs2023.lburgy.ch\/wp-content\/uploads\/2022\/03\/Logo_CCFS-couleur-high_res.png\",\"contentUrl\":\"https:\/\/ccfs2023.lburgy.ch\/wp-content\/uploads\/2022\/03\/Logo_CCFS-couleur-high_res.png\",\"width\":3300,\"height\":1798,\"caption\":\"Kantonaler Freiburger Solistenwettbewerb 2023\"},\"image\":{\"@id\":\"https:\/\/ccfs2023.lburgy.ch\/de\/#\/schema\/logo\/image\/\"},\"sameAs\":[\"https:\/\/www.facebook.com\/Concours-Cantonal-Fribourgeois-de-Solistes-2023-CCFS-2023-104446075781695\"]},{\"@type\":\"Person\",\"@id\":\"https:\/\/ccfs2023.lburgy.ch\/de\/#\/schema\/person\/9dfd82d44e3eb500a3787967342da19e\",\"name\":\"lburgy\",\"image\":{\"@type\":\"ImageObject\",\"inLanguage\":\"de\",\"@id\":\"https:\/\/ccfs2023.lburgy.ch\/de\/#\/schema\/person\/image\/\",\"url\":\"https:\/\/secure.gravatar.com\/avatar\/370889df87a174466e459db70bad497d197c61f4eead2ddb2c18f140c8730f8b?s=96&d=mm&r=g\",\"contentUrl\":\"https:\/\/secure.gravatar.com\/avatar\/370889df87a174466e459db70bad497d197c61f4eead2ddb2c18f140c8730f8b?s=96&d=mm&r=g\",\"caption\":\"lburgy\"},\"sameAs\":[\"https:\/\/ccfs2023.lburgy.ch\"],\"url\":\"https:\/\/ccfs2023.lburgy.ch\/de\/author\/lburgy\/\"}]}<\/script>\n<!-- \/ Yoast SEO plugin. -->","yoast_head_json":{"title":"Wilkommenswort des Pr\u00e4sidenten - Kantonaler Freiburger Solistenwettbewerb 2023","robots":{"index":"noindex","follow":"follow","max-snippet":"max-snippet:-1","max-image-preview":"max-image-preview:large","max-video-preview":"max-video-preview:-1"},"og_locale":"de_DE","og_type":"article","og_title":"Wilkommenswort des Pr\u00e4sidenten - Kantonaler Freiburger Solistenwettbewerb 2023","og_description":"Liebe Musiker\u00b7innen, Liebe Musikliebhaber\u00b7innen, Die Fanfare Paroissiale l&#8217;Union de Cugy-Vesin freut sich, den n\u00e4chsten Freiburger Kantonalen Solistenwettbewerb vom 27. bis [&hellip;]","og_url":"https:\/\/ccfs2023.lburgy.ch\/de\/2022\/09\/30\/wilkommenswort-des-prasidenten\/","og_site_name":"Kantonaler Freiburger Solistenwettbewerb 2023","article_publisher":"https:\/\/www.facebook.com\/Concours-Cantonal-Fribourgeois-de-Solistes-2023-CCFS-2023-104446075781695","article_published_time":"2022-09-30T08:23:23+00:00","article_modified_time":"2023-01-09T09:52:19+00:00","og_image":[{"width":1551,"height":799,"url":"https:\/\/ccfs2023.lburgy.ch\/wp-content\/uploads\/2022\/03\/Logo_CCFS-couleur-cropped.png","type":"image\/png"}],"author":"lburgy","twitter_card":"summary_large_image","twitter_misc":{"Verfasst von":"lburgy","Gesch\u00e4tzte Lesezeit":"1\u00a0Minute"},"schema":{"@context":"https:\/\/schema.org","@graph":[{"@type":"Article","@id":"https:\/\/ccfs2023.lburgy.ch\/de\/2022\/09\/30\/wilkommenswort-des-prasidenten\/#article","isPartOf":{"@id":"https:\/\/ccfs2023.lburgy.ch\/de\/2022\/09\/30\/wilkommenswort-des-prasidenten\/"},"author":{"name":"lburgy","@id":"https:\/\/ccfs2023.lburgy.ch\/de\/#\/schema\/person\/9dfd82d44e3eb500a3787967342da19e"},"headline":"Wilkommenswort des Pr\u00e4sidenten","datePublished":"2022-09-30T08:23:23+00:00","dateModified":"2023-01-09T09:52:19+00:00","mainEntityOfPage":{"@id":"https:\/\/ccfs2023.lburgy.ch\/de\/2022\/09\/30\/wilkommenswort-des-prasidenten\/"},"wordCount":168,"publisher":{"@id":"https:\/\/ccfs2023.lburgy.ch\/de\/#organization"},"articleSection":["Nachricht"],"inLanguage":"de"},{"@type":"WebPage","@id":"https:\/\/ccfs2023.lburgy.ch\/de\/2022\/09\/30\/wilkommenswort-des-prasidenten\/","url":"https:\/\/ccfs2023.lburgy.ch\/de\/2022\/09\/30\/wilkommenswort-des-prasidenten\/","name":"Wilkommenswort des Pr\u00e4sidenten - Kantonaler Freiburger Solistenwettbewerb 2023","isPartOf":{"@id":"https:\/\/ccfs2023.lburgy.ch\/de\/#website"},"datePublished":"2022-09-30T08:23:23+00:00","dateModified":"2023-01-09T09:52:19+00:00","breadcrumb":{"@id":"https:\/\/ccfs2023.lburgy.ch\/de\/2022\/09\/30\/wilkommenswort-des-prasidenten\/#breadcrumb"},"inLanguage":"de","potentialAction":[{"@type":"ReadAction","target":["https:\/\/ccfs2023.lburgy.ch\/de\/2022\/09\/30\/wilkommenswort-des-prasidenten\/"]}]},{"@type":"BreadcrumbList","@id":"https:\/\/ccfs2023.lburgy.ch\/de\/2022\/09\/30\/wilkommenswort-des-prasidenten\/#breadcrumb","itemListElement":[{"@type":"ListItem","position":1,"name":"Home","item":"https:\/\/ccfs2023.lburgy.ch\/de\/home-2\/"},{"@type":"ListItem","position":2,"name":"Wilkommenswort des Pr\u00e4sidenten"}]},{"@type":"WebSite","@id":"https:\/\/ccfs2023.lburgy.ch\/de\/#website","url":"https:\/\/ccfs2023.lburgy.ch\/de\/","name":"Kantonaler Freiburger Solistenwettbewerb 2023","description":"","publisher":{"@id":"https:\/\/ccfs2023.lburgy.ch\/de\/#organization"},"potentialAction":[{"@type":"SearchAction","target":{"@type":"EntryPoint","urlTemplate":"https:\/\/ccfs2023.lburgy.ch\/de\/?s={search_term_string}"},"query-input":"required name=search_term_string"}],"inLanguage":"de"},{"@type":"Organization","@id":"https:\/\/ccfs2023.lburgy.ch\/de\/#organization","name":"Kantonaler Freiburger Solistenwettbewerb 2023","url":"https:\/\/ccfs2023.lburgy.ch\/de\/","logo":{"@type":"ImageObject","inLanguage":"de","@id":"https:\/\/ccfs2023.lburgy.ch\/de\/#\/schema\/logo\/image\/","url":"https:\/\/ccfs2023.lburgy.ch\/wp-content\/uploads\/2022\/03\/Logo_CCFS-couleur-high_res.png","contentUrl":"https:\/\/ccfs2023.lburgy.ch\/wp-content\/uploads\/2022\/03\/Logo_CCFS-couleur-high_res.png","width":3300,"height":1798,"caption":"Kantonaler Freiburger Solistenwettbewerb 2023"},"image":{"@id":"https:\/\/ccfs2023.lburgy.ch\/de\/#\/schema\/logo\/image\/"},"sameAs":["https:\/\/www.facebook.com\/Concours-Cantonal-Fribourgeois-de-Solistes-2023-CCFS-2023-104446075781695"]},{"@type":"Person","@id":"https:\/\/ccfs2023.lburgy.ch\/de\/#\/schema\/person\/9dfd82d44e3eb500a3787967342da19e","name":"lburgy","image":{"@type":"ImageObject","inLanguage":"de","@id":"https:\/\/ccfs2023.lburgy.ch\/de\/#\/schema\/person\/image\/","url":"https:\/\/secure.gravatar.com\/avatar\/370889df87a174466e459db70bad497d197c61f4eead2ddb2c18f140c8730f8b?s=96&d=mm&r=g","contentUrl":"https:\/\/secure.gravatar.com\/avatar\/370889df87a174466e459db70bad497d197c61f4eead2ddb2c18f140c8730f8b?s=96&d=mm&r=g","caption":"lburgy"},"sameAs":["https:\/\/ccfs2023.lburgy.ch"],"url":"https:\/\/ccfs2023.lburgy.ch\/de\/author\/lburgy\/"}]}},"_links":{"self":[{"href":"https:\/\/ccfs2023.lburgy.ch\/de\/wp-json\/wp\/v2\/posts\/325","targetHints":{"allow":["GET"]}}],"collection":[{"href":"https:\/\/ccfs2023.lburgy.ch\/de\/wp-json\/wp\/v2\/posts"}],"about":[{"href":"https:\/\/ccfs2023.lburgy.ch\/de\/wp-json\/wp\/v2\/types\/post"}],"author":[{"embeddable":true,"href":"https:\/\/ccfs2023.lburgy.ch\/de\/wp-json\/wp\/v2\/users\/1"}],"replies":[{"embeddable":true,"href":"https:\/\/ccfs2023.lburgy.ch\/de\/wp-json\/wp\/v2\/comments?post=325"}],"version-history":[{"count":6,"href":"https:\/\/ccfs2023.lburgy.ch\/de\/wp-json\/wp\/v2\/posts\/325\/revisions"}],"predecessor-version":[{"id":446,"href":"https:\/\/ccfs2023.lburgy.ch\/de\/wp-json\/wp\/v2\/posts\/325\/revisions\/446"}],"wp:featuredmedia":[{"embeddable":true,"href":"https:\/\/ccfs2023.lburgy.ch\/de\/wp-json\/wp\/v2\/media\/162"}],"wp:attachment":[{"href":"https:\/\/ccfs2023.lburgy.ch\/de\/wp-json\/wp\/v2\/media?parent=325"}],"wp:term":[{"taxonomy":"category","embeddable":true,"href":"https:\/\/ccfs2023.lburgy.ch\/de\/wp-json\/wp\/v2\/categories?post=325"},{"taxonomy":"post_tag","embeddable":true,"href":"https:\/\/ccfs2023.lburgy.ch\/de\/wp-json\/wp\/v2\/tags?post=325"}],"curies":[{"name":"wp","href":"https:\/\/api.w.org\/{rel}","templated":true}]}}