{"id":1918,"date":"2023-02-01T02:00:37","date_gmt":"2023-02-01T01:00:37","guid":{"rendered":"https:\/\/ccfs2023.ch\/?p=1918"},"modified":"2023-02-01T02:32:33","modified_gmt":"2023-02-01T01:32:33","slug":"danksagung","status":"publish","type":"post","link":"https:\/\/ccfs2023.lburgy.ch\/de\/2023\/02\/01\/danksagung\/","title":{"rendered":"Danksagung"},"content":{"rendered":"<p>Liebe Musiker\u00b7innen,<br \/>\nLiebe Musikliebhaber\u00b7innen,<\/p>\n<p>Der 29. Freiburger Kantonale Solistenwettbewerb ist zu Ende.<\/p>\n<p>Wir m\u00f6chten jedem Teilnehmer herzlich gratulieren.<br \/>\nSie waren mehr als 350 Kandidaten, die sich beworben haben, einige zum ersten Mal und f\u00fcr andere ist die Teilnahme an diesem Wettbewerb schon zur Tradition geworden.<br \/>\nHerzlichen Gl\u00fcckwunsch an alle, unabh\u00e4ngig vom erzielten Ergebnis.<\/p>\n<p>DANKE an das Publikum, das gekommen ist, um diesen tapferen und mutigen Kandidaten zu applaudieren und sie anzufeuern.<br \/>\nEltern, Verwandte oder Freunde, Ihre Unterst\u00fctzung w\u00e4hrend des ganzen Jahres ist zweifellos sehr gesch\u00e4tzt und notwendig.<br \/>\nDANKE an die Experten f\u00fcr ihre Bewertungen der Leistungen.<br \/>\nDANKE an die SCMF f\u00fcr das Vertrauen in die Organisation dieses Wettbewerbs, f\u00fcr die wertvolle Zusammenarbeit bei der Vorbereitung und w\u00e4hrend des gesamten Wochenendes.<br \/>\nEin letztes DANKESCH\u00d6N geht an die vielen freiwilligen Helfer, ohne die ein solcher Wettbewerb nicht stattfinden kann.<\/p>\n<p>Wir w\u00fcnschen den Organisatoren viel Erfolg bei der 30. Ausgabe, die in einem Jahr in Attalens stattfinden wird.<\/p>\n<p>G\u00e9rald B\u00fcrgy<br \/>\nOK-Pr\u00e4sident des SKF 2023<\/p>\n","protected":false},"excerpt":{"rendered":"<p>Liebe Musiker\u00b7innen, Liebe Musikliebhaber\u00b7innen, Der 29. Freiburger Kantonale Solistenwettbewerb ist zu Ende. Wir m\u00f6chten jedem Teilnehmer herzlich gratulieren. Sie waren [&hellip;]<\/p>\n","protected":false},"author":1,"featured_media":0,"comment_status":"closed","ping_status":"open","sticky":false,"template":"","format":"standard","meta":{"footnotes":""},"categories":[21],"tags":[],"class_list":["post-1918","post","type-post","status-publish","format-standard","hentry","category-nachricht-de"],"yoast_head":"<!-- This site is optimized with the Yoast SEO plugin v19.14 - https:\/\/yoast.com\/wordpress\/plugins\/seo\/ -->\n<title>Danksagung - Kantonaler Freiburger Solistenwettbewerb 2023<\/title>\n<meta name=\"robots\" content=\"noindex, follow, max-snippet:-1, max-image-preview:large, max-video-preview:-1\" \/>\n<meta property=\"og:locale\" content=\"de_DE\" \/>\n<meta property=\"og:type\" content=\"article\" \/>\n<meta property=\"og:title\" content=\"Danksagung - Kantonaler Freiburger Solistenwettbewerb 2023\" \/>\n<meta property=\"og:description\" content=\"Liebe Musiker\u00b7innen, Liebe Musikliebhaber\u00b7innen, Der 29. Freiburger Kantonale Solistenwettbewerb ist zu Ende. Wir m\u00f6chten jedem Teilnehmer herzlich gratulieren. Sie waren [&hellip;]\" \/>\n<meta property=\"og:url\" content=\"https:\/\/ccfs2023.lburgy.ch\/de\/2023\/02\/01\/danksagung\/\" \/>\n<meta property=\"og:site_name\" content=\"Kantonaler Freiburger Solistenwettbewerb 2023\" \/>\n<meta property=\"article:publisher\" content=\"https:\/\/www.facebook.com\/Concours-Cantonal-Fribourgeois-de-Solistes-2023-CCFS-2023-104446075781695\" \/>\n<meta property=\"article:published_time\" content=\"2023-02-01T01:00:37+00:00\" \/>\n<meta property=\"article:modified_time\" content=\"2023-02-01T01:32:33+00:00\" \/>\n<meta name=\"author\" content=\"lburgy\" \/>\n<meta name=\"twitter:card\" content=\"summary_large_image\" \/>\n<meta name=\"twitter:label1\" content=\"Verfasst von\" \/>\n\t<meta name=\"twitter:data1\" content=\"lburgy\" \/>\n\t<meta name=\"twitter:label2\" content=\"Gesch\u00e4tzte Lesezeit\" \/>\n\t<meta name=\"twitter:data2\" content=\"1\u00a0Minute\" \/>\n<script type=\"application\/ld+json\" class=\"yoast-schema-graph\">{\"@context\":\"https:\/\/schema.org\",\"@graph\":[{\"@type\":\"Article\",\"@id\":\"https:\/\/ccfs2023.lburgy.ch\/de\/2023\/02\/01\/danksagung\/#article\",\"isPartOf\":{\"@id\":\"https:\/\/ccfs2023.lburgy.ch\/de\/2023\/02\/01\/danksagung\/\"},\"author\":{\"name\":\"lburgy\",\"@id\":\"https:\/\/ccfs2023.lburgy.ch\/de\/#\/schema\/person\/9dfd82d44e3eb500a3787967342da19e\"},\"headline\":\"Danksagung\",\"datePublished\":\"2023-02-01T01:00:37+00:00\",\"dateModified\":\"2023-02-01T01:32:33+00:00\",\"mainEntityOfPage\":{\"@id\":\"https:\/\/ccfs2023.lburgy.ch\/de\/2023\/02\/01\/danksagung\/\"},\"wordCount\":176,\"publisher\":{\"@id\":\"https:\/\/ccfs2023.lburgy.ch\/de\/#organization\"},\"articleSection\":[\"Nachricht\"],\"inLanguage\":\"de\"},{\"@type\":\"WebPage\",\"@id\":\"https:\/\/ccfs2023.lburgy.ch\/de\/2023\/02\/01\/danksagung\/\",\"url\":\"https:\/\/ccfs2023.lburgy.ch\/de\/2023\/02\/01\/danksagung\/\",\"name\":\"Danksagung - Kantonaler Freiburger Solistenwettbewerb 2023\",\"isPartOf\":{\"@id\":\"https:\/\/ccfs2023.lburgy.ch\/de\/#website\"},\"datePublished\":\"2023-02-01T01:00:37+00:00\",\"dateModified\":\"2023-02-01T01:32:33+00:00\",\"breadcrumb\":{\"@id\":\"https:\/\/ccfs2023.lburgy.ch\/de\/2023\/02\/01\/danksagung\/#breadcrumb\"},\"inLanguage\":\"de\",\"potentialAction\":[{\"@type\":\"ReadAction\",\"target\":[\"https:\/\/ccfs2023.lburgy.ch\/de\/2023\/02\/01\/danksagung\/\"]}]},{\"@type\":\"BreadcrumbList\",\"@id\":\"https:\/\/ccfs2023.lburgy.ch\/de\/2023\/02\/01\/danksagung\/#breadcrumb\",\"itemListElement\":[{\"@type\":\"ListItem\",\"position\":1,\"name\":\"Home\",\"item\":\"https:\/\/ccfs2023.lburgy.ch\/de\/home-2\/\"},{\"@type\":\"ListItem\",\"position\":2,\"name\":\"Danksagung\"}]},{\"@type\":\"WebSite\",\"@id\":\"https:\/\/ccfs2023.lburgy.ch\/de\/#website\",\"url\":\"https:\/\/ccfs2023.lburgy.ch\/de\/\",\"name\":\"Kantonaler Freiburger Solistenwettbewerb 2023\",\"description\":\"\",\"publisher\":{\"@id\":\"https:\/\/ccfs2023.lburgy.ch\/de\/#organization\"},\"potentialAction\":[{\"@type\":\"SearchAction\",\"target\":{\"@type\":\"EntryPoint\",\"urlTemplate\":\"https:\/\/ccfs2023.lburgy.ch\/de\/?s={search_term_string}\"},\"query-input\":\"required name=search_term_string\"}],\"inLanguage\":\"de\"},{\"@type\":\"Organization\",\"@id\":\"https:\/\/ccfs2023.lburgy.ch\/de\/#organization\",\"name\":\"Kantonaler Freiburger Solistenwettbewerb 2023\",\"url\":\"https:\/\/ccfs2023.lburgy.ch\/de\/\",\"logo\":{\"@type\":\"ImageObject\",\"inLanguage\":\"de\",\"@id\":\"https:\/\/ccfs2023.lburgy.ch\/de\/#\/schema\/logo\/image\/\",\"url\":\"https:\/\/ccfs2023.lburgy.ch\/wp-content\/uploads\/2022\/03\/Logo_CCFS-couleur-high_res.png\",\"contentUrl\":\"https:\/\/ccfs2023.lburgy.ch\/wp-content\/uploads\/2022\/03\/Logo_CCFS-couleur-high_res.png\",\"width\":3300,\"height\":1798,\"caption\":\"Kantonaler Freiburger Solistenwettbewerb 2023\"},\"image\":{\"@id\":\"https:\/\/ccfs2023.lburgy.ch\/de\/#\/schema\/logo\/image\/\"},\"sameAs\":[\"https:\/\/www.facebook.com\/Concours-Cantonal-Fribourgeois-de-Solistes-2023-CCFS-2023-104446075781695\"]},{\"@type\":\"Person\",\"@id\":\"https:\/\/ccfs2023.lburgy.ch\/de\/#\/schema\/person\/9dfd82d44e3eb500a3787967342da19e\",\"name\":\"lburgy\",\"image\":{\"@type\":\"ImageObject\",\"inLanguage\":\"de\",\"@id\":\"https:\/\/ccfs2023.lburgy.ch\/de\/#\/schema\/person\/image\/\",\"url\":\"https:\/\/secure.gravatar.com\/avatar\/370889df87a174466e459db70bad497d197c61f4eead2ddb2c18f140c8730f8b?s=96&d=mm&r=g\",\"contentUrl\":\"https:\/\/secure.gravatar.com\/avatar\/370889df87a174466e459db70bad497d197c61f4eead2ddb2c18f140c8730f8b?s=96&d=mm&r=g\",\"caption\":\"lburgy\"},\"sameAs\":[\"https:\/\/ccfs2023.lburgy.ch\"],\"url\":\"https:\/\/ccfs2023.lburgy.ch\/de\/author\/lburgy\/\"}]}<\/script>\n<!-- \/ Yoast SEO plugin. -->","yoast_head_json":{"title":"Danksagung - Kantonaler Freiburger Solistenwettbewerb 2023","robots":{"index":"noindex","follow":"follow","max-snippet":"max-snippet:-1","max-image-preview":"max-image-preview:large","max-video-preview":"max-video-preview:-1"},"og_locale":"de_DE","og_type":"article","og_title":"Danksagung - Kantonaler Freiburger Solistenwettbewerb 2023","og_description":"Liebe Musiker\u00b7innen, Liebe Musikliebhaber\u00b7innen, Der 29. Freiburger Kantonale Solistenwettbewerb ist zu Ende. Wir m\u00f6chten jedem Teilnehmer herzlich gratulieren. Sie waren [&hellip;]","og_url":"https:\/\/ccfs2023.lburgy.ch\/de\/2023\/02\/01\/danksagung\/","og_site_name":"Kantonaler Freiburger Solistenwettbewerb 2023","article_publisher":"https:\/\/www.facebook.com\/Concours-Cantonal-Fribourgeois-de-Solistes-2023-CCFS-2023-104446075781695","article_published_time":"2023-02-01T01:00:37+00:00","article_modified_time":"2023-02-01T01:32:33+00:00","author":"lburgy","twitter_card":"summary_large_image","twitter_misc":{"Verfasst von":"lburgy","Gesch\u00e4tzte Lesezeit":"1\u00a0Minute"},"schema":{"@context":"https:\/\/schema.org","@graph":[{"@type":"Article","@id":"https:\/\/ccfs2023.lburgy.ch\/de\/2023\/02\/01\/danksagung\/#article","isPartOf":{"@id":"https:\/\/ccfs2023.lburgy.ch\/de\/2023\/02\/01\/danksagung\/"},"author":{"name":"lburgy","@id":"https:\/\/ccfs2023.lburgy.ch\/de\/#\/schema\/person\/9dfd82d44e3eb500a3787967342da19e"},"headline":"Danksagung","datePublished":"2023-02-01T01:00:37+00:00","dateModified":"2023-02-01T01:32:33+00:00","mainEntityOfPage":{"@id":"https:\/\/ccfs2023.lburgy.ch\/de\/2023\/02\/01\/danksagung\/"},"wordCount":176,"publisher":{"@id":"https:\/\/ccfs2023.lburgy.ch\/de\/#organization"},"articleSection":["Nachricht"],"inLanguage":"de"},{"@type":"WebPage","@id":"https:\/\/ccfs2023.lburgy.ch\/de\/2023\/02\/01\/danksagung\/","url":"https:\/\/ccfs2023.lburgy.ch\/de\/2023\/02\/01\/danksagung\/","name":"Danksagung - Kantonaler Freiburger Solistenwettbewerb 2023","isPartOf":{"@id":"https:\/\/ccfs2023.lburgy.ch\/de\/#website"},"datePublished":"2023-02-01T01:00:37+00:00","dateModified":"2023-02-01T01:32:33+00:00","breadcrumb":{"@id":"https:\/\/ccfs2023.lburgy.ch\/de\/2023\/02\/01\/danksagung\/#breadcrumb"},"inLanguage":"de","potentialAction":[{"@type":"ReadAction","target":["https:\/\/ccfs2023.lburgy.ch\/de\/2023\/02\/01\/danksagung\/"]}]},{"@type":"BreadcrumbList","@id":"https:\/\/ccfs2023.lburgy.ch\/de\/2023\/02\/01\/danksagung\/#breadcrumb","itemListElement":[{"@type":"ListItem","position":1,"name":"Home","item":"https:\/\/ccfs2023.lburgy.ch\/de\/home-2\/"},{"@type":"ListItem","position":2,"name":"Danksagung"}]},{"@type":"WebSite","@id":"https:\/\/ccfs2023.lburgy.ch\/de\/#website","url":"https:\/\/ccfs2023.lburgy.ch\/de\/","name":"Kantonaler Freiburger Solistenwettbewerb 2023","description":"","publisher":{"@id":"https:\/\/ccfs2023.lburgy.ch\/de\/#organization"},"potentialAction":[{"@type":"SearchAction","target":{"@type":"EntryPoint","urlTemplate":"https:\/\/ccfs2023.lburgy.ch\/de\/?s={search_term_string}"},"query-input":"required name=search_term_string"}],"inLanguage":"de"},{"@type":"Organization","@id":"https:\/\/ccfs2023.lburgy.ch\/de\/#organization","name":"Kantonaler Freiburger Solistenwettbewerb 2023","url":"https:\/\/ccfs2023.lburgy.ch\/de\/","logo":{"@type":"ImageObject","inLanguage":"de","@id":"https:\/\/ccfs2023.lburgy.ch\/de\/#\/schema\/logo\/image\/","url":"https:\/\/ccfs2023.lburgy.ch\/wp-content\/uploads\/2022\/03\/Logo_CCFS-couleur-high_res.png","contentUrl":"https:\/\/ccfs2023.lburgy.ch\/wp-content\/uploads\/2022\/03\/Logo_CCFS-couleur-high_res.png","width":3300,"height":1798,"caption":"Kantonaler Freiburger Solistenwettbewerb 2023"},"image":{"@id":"https:\/\/ccfs2023.lburgy.ch\/de\/#\/schema\/logo\/image\/"},"sameAs":["https:\/\/www.facebook.com\/Concours-Cantonal-Fribourgeois-de-Solistes-2023-CCFS-2023-104446075781695"]},{"@type":"Person","@id":"https:\/\/ccfs2023.lburgy.ch\/de\/#\/schema\/person\/9dfd82d44e3eb500a3787967342da19e","name":"lburgy","image":{"@type":"ImageObject","inLanguage":"de","@id":"https:\/\/ccfs2023.lburgy.ch\/de\/#\/schema\/person\/image\/","url":"https:\/\/secure.gravatar.com\/avatar\/370889df87a174466e459db70bad497d197c61f4eead2ddb2c18f140c8730f8b?s=96&d=mm&r=g","contentUrl":"https:\/\/secure.gravatar.com\/avatar\/370889df87a174466e459db70bad497d197c61f4eead2ddb2c18f140c8730f8b?s=96&d=mm&r=g","caption":"lburgy"},"sameAs":["https:\/\/ccfs2023.lburgy.ch"],"url":"https:\/\/ccfs2023.lburgy.ch\/de\/author\/lburgy\/"}]}},"_links":{"self":[{"href":"https:\/\/ccfs2023.lburgy.ch\/de\/wp-json\/wp\/v2\/posts\/1918","targetHints":{"allow":["GET"]}}],"collection":[{"href":"https:\/\/ccfs2023.lburgy.ch\/de\/wp-json\/wp\/v2\/posts"}],"about":[{"href":"https:\/\/ccfs2023.lburgy.ch\/de\/wp-json\/wp\/v2\/types\/post"}],"author":[{"embeddable":true,"href":"https:\/\/ccfs2023.lburgy.ch\/de\/wp-json\/wp\/v2\/users\/1"}],"replies":[{"embeddable":true,"href":"https:\/\/ccfs2023.lburgy.ch\/de\/wp-json\/wp\/v2\/comments?post=1918"}],"version-history":[{"count":1,"href":"https:\/\/ccfs2023.lburgy.ch\/de\/wp-json\/wp\/v2\/posts\/1918\/revisions"}],"predecessor-version":[{"id":1919,"href":"https:\/\/ccfs2023.lburgy.ch\/de\/wp-json\/wp\/v2\/posts\/1918\/revisions\/1919"}],"wp:attachment":[{"href":"https:\/\/ccfs2023.lburgy.ch\/de\/wp-json\/wp\/v2\/media?parent=1918"}],"wp:term":[{"taxonomy":"category","embeddable":true,"href":"https:\/\/ccfs2023.lburgy.ch\/de\/wp-json\/wp\/v2\/categories?post=1918"},{"taxonomy":"post_tag","embeddable":true,"href":"https:\/\/ccfs2023.lburgy.ch\/de\/wp-json\/wp\/v2\/tags?post=1918"}],"curies":[{"name":"wp","href":"https:\/\/api.w.org\/{rel}","templated":true}]}}